{"id":183204,"date":"2019-12-31T16:49:43","date_gmt":"2019-12-31T15:49:43","guid":{"rendered":"http:\/\/www.mjlesgaislurons.be\/wordpress\/?p=183204"},"modified":"2020-01-15T15:15:54","modified_gmt":"2020-01-15T14:15:54","slug":"spectacle-de-theatre-2019-la-cantatrice-chauve","status":"publish","type":"post","link":"https:\/\/www.mjlesgaislurons.be\/wordpress\/spectacle-de-theatre-2019-la-cantatrice-chauve\/","title":{"rendered":"Spectacle de th\u00e9\u00e2tre 2019 &#8211; La Cantatrice Chauve"},"content":{"rendered":"<h1><span style=\"color: #ff0000;\">Th\u00e9\u00e2tre 2019 &#8211; La Cantatrice Chauve<\/span><\/h1>\n<hr \/>\n<p>Voici quelques photos de la pi\u00e8ce de th\u00e9\u00e2tre jou\u00e9e par l&rsquo;atelier th\u00e9\u00e2tre de La MJ Les Gais Lurons au Centre Culturel de <strong>Gosselies<\/strong> le 28 avril 2019.<\/p>\n<p><a href=\"https:\/\/www.mjlesgaislurons.be\/wordpress\/wp-content\/uploads\/2019\/12\/56369779_2106465469389070_5028176685111967744_n.jpg\"><img loading=\"lazy\" decoding=\"async\" class=\" wp-image-183196 aligncenter\" src=\"https:\/\/www.mjlesgaislurons.be\/wordpress\/wp-content\/uploads\/2019\/12\/56369779_2106465469389070_5028176685111967744_n.jpg\" alt=\"Th\u00e9\u00e2tre affiche la cantatrice chauve\" width=\"467\" height=\"592\" srcset=\"https:\/\/www.mjlesgaislurons.be\/wordpress\/wp-content\/uploads\/2019\/12\/56369779_2106465469389070_5028176685111967744_n.jpg 757w, https:\/\/www.mjlesgaislurons.be\/wordpress\/wp-content\/uploads\/2019\/12\/56369779_2106465469389070_5028176685111967744_n-237x300.jpg 237w\" sizes=\"auto, (max-width: 467px) 100vw, 467px\" \/><\/a><\/p>\n<p><a href=\"https:\/\/www.mjlesgaislurons.be\/wordpress\/wp-content\/uploads\/2019\/12\/59797828_2156784404357176_2006926329227771904_o.jpg\"><img loading=\"lazy\" decoding=\"async\" class=\"wp-image-183193 aligncenter\" src=\"https:\/\/www.mjlesgaislurons.be\/wordpress\/wp-content\/uploads\/2019\/12\/59797828_2156784404357176_2006926329227771904_o.jpg\" alt=\"Th\u00e9\u00e2tre-1\" width=\"467\" height=\"309\" srcset=\"https:\/\/www.mjlesgaislurons.be\/wordpress\/wp-content\/uploads\/2019\/12\/59797828_2156784404357176_2006926329227771904_o.jpg 1848w, https:\/\/www.mjlesgaislurons.be\/wordpress\/wp-content\/uploads\/2019\/12\/59797828_2156784404357176_2006926329227771904_o-300x199.jpg 300w, https:\/\/www.mjlesgaislurons.be\/wordpress\/wp-content\/uploads\/2019\/12\/59797828_2156784404357176_2006926329227771904_o-1024x678.jpg 1024w, https:\/\/www.mjlesgaislurons.be\/wordpress\/wp-content\/uploads\/2019\/12\/59797828_2156784404357176_2006926329227771904_o-768x509.jpg 768w, https:\/\/www.mjlesgaislurons.be\/wordpress\/wp-content\/uploads\/2019\/12\/59797828_2156784404357176_2006926329227771904_o-1536x1017.jpg 1536w\" sizes=\"auto, (max-width: 467px) 100vw, 467px\" \/><\/a><\/p>\n<p><a href=\"https:\/\/www.mjlesgaislurons.be\/wordpress\/wp-content\/uploads\/2019\/12\/59742700_2156784117690538_7151465584037724160_o.jpg\"><img loading=\"lazy\" decoding=\"async\" class=\"aligncenter wp-image-183195\" src=\"https:\/\/www.mjlesgaislurons.be\/wordpress\/wp-content\/uploads\/2019\/12\/59742700_2156784117690538_7151465584037724160_o.jpg\" alt=\"Th\u00e9atre-2\" width=\"467\" height=\"309\" srcset=\"https:\/\/www.mjlesgaislurons.be\/wordpress\/wp-content\/uploads\/2019\/12\/59742700_2156784117690538_7151465584037724160_o.jpg 1848w, https:\/\/www.mjlesgaislurons.be\/wordpress\/wp-content\/uploads\/2019\/12\/59742700_2156784117690538_7151465584037724160_o-300x199.jpg 300w, https:\/\/www.mjlesgaislurons.be\/wordpress\/wp-content\/uploads\/2019\/12\/59742700_2156784117690538_7151465584037724160_o-1024x678.jpg 1024w, https:\/\/www.mjlesgaislurons.be\/wordpress\/wp-content\/uploads\/2019\/12\/59742700_2156784117690538_7151465584037724160_o-768x509.jpg 768w, https:\/\/www.mjlesgaislurons.be\/wordpress\/wp-content\/uploads\/2019\/12\/59742700_2156784117690538_7151465584037724160_o-1536x1017.jpg 1536w\" sizes=\"auto, (max-width: 467px) 100vw, 467px\" \/><\/a><\/p>\n<div id=\"attachment_183197\" style=\"width: 477px\" class=\"wp-caption aligncenter\"><a href=\"https:\/\/www.mjlesgaislurons.be\/wordpress\/wp-content\/uploads\/2019\/12\/70334507_2724211310931224_3503747054931279872_n.jpg\"><img loading=\"lazy\" decoding=\"async\" aria-describedby=\"caption-attachment-183197\" class=\"wp-image-183197\" src=\"https:\/\/www.mjlesgaislurons.be\/wordpress\/wp-content\/uploads\/2019\/12\/70334507_2724211310931224_3503747054931279872_n.jpg\" alt=\"Th\u00e9\u00e2tre-3\" width=\"467\" height=\"309\" srcset=\"https:\/\/www.mjlesgaislurons.be\/wordpress\/wp-content\/uploads\/2019\/12\/70334507_2724211310931224_3503747054931279872_n.jpg 720w, https:\/\/www.mjlesgaislurons.be\/wordpress\/wp-content\/uploads\/2019\/12\/70334507_2724211310931224_3503747054931279872_n-300x198.jpg 300w\" sizes=\"auto, (max-width: 467px) 100vw, 467px\" \/><\/a><p id=\"caption-attachment-183197\" class=\"wp-caption-text\">La troupe<\/p><\/div>\n<p>`Bonne ann\u00e9e 2020 \u00e0 toutes et tous !<\/p>\n","protected":false},"excerpt":{"rendered":"<p>Th\u00e9\u00e2tre 2019 &#8211; La Cantatrice Chauve Voici quelques photos de la pi\u00e8ce de th\u00e9\u00e2tre jou\u00e9e par l&rsquo;atelier th\u00e9\u00e2tre de La MJ Les Gais Lurons au Centre Culturel de Gosselies le 28 avril 2019. `Bonne ann\u00e9e 2020 \u00e0 toutes et tous !<\/p>\n","protected":false},"author":6,"featured_media":0,"comment_status":"closed","ping_status":"open","sticky":false,"template":"","format":"standard","meta":{"footnotes":""},"categories":[5],"tags":[],"class_list":["post-183204","post","type-post","status-publish","format-standard","hentry","category-evenement"],"yoast_head":"<!-- This site is optimized with the Yoast SEO plugin v25.9 - https:\/\/yoast.com\/wordpress\/plugins\/seo\/ -->\n<title>Spectacle de th\u00e9\u00e2tre 2019 - La Cantatrice Chauve - Maison des Jeunes Les Gais Lurons Asbl<\/title>\n<meta name=\"robots\" content=\"index, follow, max-snippet:-1, max-image-preview:large, max-video-preview:-1\" \/>\n<link rel=\"canonical\" href=\"https:\/\/www.mjlesgaislurons.be\/wordpress\/spectacle-de-theatre-2019-la-cantatrice-chauve\/\" \/>\n<meta property=\"og:locale\" content=\"fr_FR\" \/>\n<meta property=\"og:type\" content=\"article\" \/>\n<meta property=\"og:title\" content=\"Spectacle de th\u00e9\u00e2tre 2019 - La Cantatrice Chauve - Maison des Jeunes Les Gais Lurons Asbl\" \/>\n<meta property=\"og:description\" content=\"Th\u00e9\u00e2tre 2019 &#8211; La Cantatrice Chauve Voici quelques photos de la pi\u00e8ce de th\u00e9\u00e2tre jou\u00e9e par l&rsquo;atelier th\u00e9\u00e2tre de La MJ Les Gais Lurons au Centre Culturel de Gosselies le 28 avril 2019. `Bonne ann\u00e9e 2020 \u00e0 toutes et tous !\" \/>\n<meta property=\"og:url\" content=\"https:\/\/www.mjlesgaislurons.be\/wordpress\/spectacle-de-theatre-2019-la-cantatrice-chauve\/\" \/>\n<meta property=\"og:site_name\" content=\"Maison des Jeunes Les Gais Lurons Asbl\" \/>\n<meta property=\"article:published_time\" content=\"2019-12-31T15:49:43+00:00\" \/>\n<meta property=\"article:modified_time\" content=\"2020-01-15T14:15:54+00:00\" \/>\n<meta property=\"og:image\" content=\"http:\/\/www.mjlesgaislurons.be\/wordpress\/wp-content\/uploads\/2019\/12\/56369779_2106465469389070_5028176685111967744_n.jpg\" \/>\n<meta name=\"author\" content=\"Simon F\u00e9vrier\" \/>\n<meta name=\"twitter:card\" content=\"summary_large_image\" \/>\n<meta name=\"twitter:label1\" content=\"\u00c9crit par\" \/>\n\t<meta name=\"twitter:data1\" content=\"Simon F\u00e9vrier\" \/>\n<script type=\"application\/ld+json\" class=\"yoast-schema-graph\">{\"@context\":\"https:\/\/schema.org\",\"@graph\":[{\"@type\":\"WebPage\",\"@id\":\"https:\/\/www.mjlesgaislurons.be\/wordpress\/spectacle-de-theatre-2019-la-cantatrice-chauve\/\",\"url\":\"https:\/\/www.mjlesgaislurons.be\/wordpress\/spectacle-de-theatre-2019-la-cantatrice-chauve\/\",\"name\":\"Spectacle de th\u00e9\u00e2tre 2019 - La Cantatrice Chauve - Maison des Jeunes Les Gais Lurons Asbl\",\"isPartOf\":{\"@id\":\"https:\/\/www.mjlesgaislurons.be\/wordpress\/#website\"},\"primaryImageOfPage\":{\"@id\":\"https:\/\/www.mjlesgaislurons.be\/wordpress\/spectacle-de-theatre-2019-la-cantatrice-chauve\/#primaryimage\"},\"image\":{\"@id\":\"https:\/\/www.mjlesgaislurons.be\/wordpress\/spectacle-de-theatre-2019-la-cantatrice-chauve\/#primaryimage\"},\"thumbnailUrl\":\"http:\/\/www.mjlesgaislurons.be\/wordpress\/wp-content\/uploads\/2019\/12\/56369779_2106465469389070_5028176685111967744_n.jpg\",\"datePublished\":\"2019-12-31T15:49:43+00:00\",\"dateModified\":\"2020-01-15T14:15:54+00:00\",\"author\":{\"@id\":\"https:\/\/www.mjlesgaislurons.be\/wordpress\/#\/schema\/person\/dcc20adc07f95d6c8539fa49c6ae1b36\"},\"breadcrumb\":{\"@id\":\"https:\/\/www.mjlesgaislurons.be\/wordpress\/spectacle-de-theatre-2019-la-cantatrice-chauve\/#breadcrumb\"},\"inLanguage\":\"fr-FR\",\"potentialAction\":[{\"@type\":\"ReadAction\",\"target\":[\"https:\/\/www.mjlesgaislurons.be\/wordpress\/spectacle-de-theatre-2019-la-cantatrice-chauve\/\"]}]},{\"@type\":\"ImageObject\",\"inLanguage\":\"fr-FR\",\"@id\":\"https:\/\/www.mjlesgaislurons.be\/wordpress\/spectacle-de-theatre-2019-la-cantatrice-chauve\/#primaryimage\",\"url\":\"http:\/\/www.mjlesgaislurons.be\/wordpress\/wp-content\/uploads\/2019\/12\/56369779_2106465469389070_5028176685111967744_n.jpg\",\"contentUrl\":\"http:\/\/www.mjlesgaislurons.be\/wordpress\/wp-content\/uploads\/2019\/12\/56369779_2106465469389070_5028176685111967744_n.jpg\"},{\"@type\":\"BreadcrumbList\",\"@id\":\"https:\/\/www.mjlesgaislurons.be\/wordpress\/spectacle-de-theatre-2019-la-cantatrice-chauve\/#breadcrumb\",\"itemListElement\":[{\"@type\":\"ListItem\",\"position\":1,\"name\":\"Accueil\",\"item\":\"https:\/\/www.mjlesgaislurons.be\/wordpress\/\"},{\"@type\":\"ListItem\",\"position\":2,\"name\":\"\u00c9V\u00c9NEMENT\",\"item\":\"https:\/\/www.mjlesgaislurons.be\/wordpress\/category\/evenement\/\"},{\"@type\":\"ListItem\",\"position\":3,\"name\":\"Spectacle de th\u00e9\u00e2tre 2019 &#8211; La Cantatrice Chauve\"}]},{\"@type\":\"WebSite\",\"@id\":\"https:\/\/www.mjlesgaislurons.be\/wordpress\/#website\",\"url\":\"https:\/\/www.mjlesgaislurons.be\/wordpress\/\",\"name\":\"Maison des Jeunes Les Gais Lurons Asbl\",\"description\":\"Nous sommes la pour vous!\",\"potentialAction\":[{\"@type\":\"SearchAction\",\"target\":{\"@type\":\"EntryPoint\",\"urlTemplate\":\"https:\/\/www.mjlesgaislurons.be\/wordpress\/?s={search_term_string}\"},\"query-input\":{\"@type\":\"PropertyValueSpecification\",\"valueRequired\":true,\"valueName\":\"search_term_string\"}}],\"inLanguage\":\"fr-FR\"},{\"@type\":\"Person\",\"@id\":\"https:\/\/www.mjlesgaislurons.be\/wordpress\/#\/schema\/person\/dcc20adc07f95d6c8539fa49c6ae1b36\",\"name\":\"Simon F\u00e9vrier\",\"image\":{\"@type\":\"ImageObject\",\"inLanguage\":\"fr-FR\",\"@id\":\"https:\/\/www.mjlesgaislurons.be\/wordpress\/#\/schema\/person\/image\/\",\"url\":\"https:\/\/secure.gravatar.com\/avatar\/825e278aae307fe223279ec981a5e445d4f9d620982daa842bf3a0d051711277?s=96&d=mm&r=g\",\"contentUrl\":\"https:\/\/secure.gravatar.com\/avatar\/825e278aae307fe223279ec981a5e445d4f9d620982daa842bf3a0d051711277?s=96&d=mm&r=g\",\"caption\":\"Simon F\u00e9vrier\"},\"url\":\"https:\/\/www.mjlesgaislurons.be\/wordpress\/author\/simon\/\"}]}<\/script>\n<!-- \/ Yoast SEO plugin. -->","yoast_head_json":{"title":"Spectacle de th\u00e9\u00e2tre 2019 - La Cantatrice Chauve - Maison des Jeunes Les Gais Lurons Asbl","robots":{"index":"index","follow":"follow","max-snippet":"max-snippet:-1","max-image-preview":"max-image-preview:large","max-video-preview":"max-video-preview:-1"},"canonical":"https:\/\/www.mjlesgaislurons.be\/wordpress\/spectacle-de-theatre-2019-la-cantatrice-chauve\/","og_locale":"fr_FR","og_type":"article","og_title":"Spectacle de th\u00e9\u00e2tre 2019 - La Cantatrice Chauve - Maison des Jeunes Les Gais Lurons Asbl","og_description":"Th\u00e9\u00e2tre 2019 &#8211; La Cantatrice Chauve Voici quelques photos de la pi\u00e8ce de th\u00e9\u00e2tre jou\u00e9e par l&rsquo;atelier th\u00e9\u00e2tre de La MJ Les Gais Lurons au Centre Culturel de Gosselies le 28 avril 2019. `Bonne ann\u00e9e 2020 \u00e0 toutes et tous !","og_url":"https:\/\/www.mjlesgaislurons.be\/wordpress\/spectacle-de-theatre-2019-la-cantatrice-chauve\/","og_site_name":"Maison des Jeunes Les Gais Lurons Asbl","article_published_time":"2019-12-31T15:49:43+00:00","article_modified_time":"2020-01-15T14:15:54+00:00","og_image":[{"url":"http:\/\/www.mjlesgaislurons.be\/wordpress\/wp-content\/uploads\/2019\/12\/56369779_2106465469389070_5028176685111967744_n.jpg","type":"","width":"","height":""}],"author":"Simon F\u00e9vrier","twitter_card":"summary_large_image","twitter_misc":{"\u00c9crit par":"Simon F\u00e9vrier"},"schema":{"@context":"https:\/\/schema.org","@graph":[{"@type":"WebPage","@id":"https:\/\/www.mjlesgaislurons.be\/wordpress\/spectacle-de-theatre-2019-la-cantatrice-chauve\/","url":"https:\/\/www.mjlesgaislurons.be\/wordpress\/spectacle-de-theatre-2019-la-cantatrice-chauve\/","name":"Spectacle de th\u00e9\u00e2tre 2019 - La Cantatrice Chauve - Maison des Jeunes Les Gais Lurons Asbl","isPartOf":{"@id":"https:\/\/www.mjlesgaislurons.be\/wordpress\/#website"},"primaryImageOfPage":{"@id":"https:\/\/www.mjlesgaislurons.be\/wordpress\/spectacle-de-theatre-2019-la-cantatrice-chauve\/#primaryimage"},"image":{"@id":"https:\/\/www.mjlesgaislurons.be\/wordpress\/spectacle-de-theatre-2019-la-cantatrice-chauve\/#primaryimage"},"thumbnailUrl":"http:\/\/www.mjlesgaislurons.be\/wordpress\/wp-content\/uploads\/2019\/12\/56369779_2106465469389070_5028176685111967744_n.jpg","datePublished":"2019-12-31T15:49:43+00:00","dateModified":"2020-01-15T14:15:54+00:00","author":{"@id":"https:\/\/www.mjlesgaislurons.be\/wordpress\/#\/schema\/person\/dcc20adc07f95d6c8539fa49c6ae1b36"},"breadcrumb":{"@id":"https:\/\/www.mjlesgaislurons.be\/wordpress\/spectacle-de-theatre-2019-la-cantatrice-chauve\/#breadcrumb"},"inLanguage":"fr-FR","potentialAction":[{"@type":"ReadAction","target":["https:\/\/www.mjlesgaislurons.be\/wordpress\/spectacle-de-theatre-2019-la-cantatrice-chauve\/"]}]},{"@type":"ImageObject","inLanguage":"fr-FR","@id":"https:\/\/www.mjlesgaislurons.be\/wordpress\/spectacle-de-theatre-2019-la-cantatrice-chauve\/#primaryimage","url":"http:\/\/www.mjlesgaislurons.be\/wordpress\/wp-content\/uploads\/2019\/12\/56369779_2106465469389070_5028176685111967744_n.jpg","contentUrl":"http:\/\/www.mjlesgaislurons.be\/wordpress\/wp-content\/uploads\/2019\/12\/56369779_2106465469389070_5028176685111967744_n.jpg"},{"@type":"BreadcrumbList","@id":"https:\/\/www.mjlesgaislurons.be\/wordpress\/spectacle-de-theatre-2019-la-cantatrice-chauve\/#breadcrumb","itemListElement":[{"@type":"ListItem","position":1,"name":"Accueil","item":"https:\/\/www.mjlesgaislurons.be\/wordpress\/"},{"@type":"ListItem","position":2,"name":"\u00c9V\u00c9NEMENT","item":"https:\/\/www.mjlesgaislurons.be\/wordpress\/category\/evenement\/"},{"@type":"ListItem","position":3,"name":"Spectacle de th\u00e9\u00e2tre 2019 &#8211; La Cantatrice Chauve"}]},{"@type":"WebSite","@id":"https:\/\/www.mjlesgaislurons.be\/wordpress\/#website","url":"https:\/\/www.mjlesgaislurons.be\/wordpress\/","name":"Maison des Jeunes Les Gais Lurons Asbl","description":"Nous sommes la pour vous!","potentialAction":[{"@type":"SearchAction","target":{"@type":"EntryPoint","urlTemplate":"https:\/\/www.mjlesgaislurons.be\/wordpress\/?s={search_term_string}"},"query-input":{"@type":"PropertyValueSpecification","valueRequired":true,"valueName":"search_term_string"}}],"inLanguage":"fr-FR"},{"@type":"Person","@id":"https:\/\/www.mjlesgaislurons.be\/wordpress\/#\/schema\/person\/dcc20adc07f95d6c8539fa49c6ae1b36","name":"Simon F\u00e9vrier","image":{"@type":"ImageObject","inLanguage":"fr-FR","@id":"https:\/\/www.mjlesgaislurons.be\/wordpress\/#\/schema\/person\/image\/","url":"https:\/\/secure.gravatar.com\/avatar\/825e278aae307fe223279ec981a5e445d4f9d620982daa842bf3a0d051711277?s=96&d=mm&r=g","contentUrl":"https:\/\/secure.gravatar.com\/avatar\/825e278aae307fe223279ec981a5e445d4f9d620982daa842bf3a0d051711277?s=96&d=mm&r=g","caption":"Simon F\u00e9vrier"},"url":"https:\/\/www.mjlesgaislurons.be\/wordpress\/author\/simon\/"}]}},"_links":{"self":[{"href":"https:\/\/www.mjlesgaislurons.be\/wordpress\/wp-json\/wp\/v2\/posts\/183204","targetHints":{"allow":["GET"]}}],"collection":[{"href":"https:\/\/www.mjlesgaislurons.be\/wordpress\/wp-json\/wp\/v2\/posts"}],"about":[{"href":"https:\/\/www.mjlesgaislurons.be\/wordpress\/wp-json\/wp\/v2\/types\/post"}],"author":[{"embeddable":true,"href":"https:\/\/www.mjlesgaislurons.be\/wordpress\/wp-json\/wp\/v2\/users\/6"}],"replies":[{"embeddable":true,"href":"https:\/\/www.mjlesgaislurons.be\/wordpress\/wp-json\/wp\/v2\/comments?post=183204"}],"version-history":[{"count":1,"href":"https:\/\/www.mjlesgaislurons.be\/wordpress\/wp-json\/wp\/v2\/posts\/183204\/revisions"}],"predecessor-version":[{"id":183207,"href":"https:\/\/www.mjlesgaislurons.be\/wordpress\/wp-json\/wp\/v2\/posts\/183204\/revisions\/183207"}],"wp:attachment":[{"href":"https:\/\/www.mjlesgaislurons.be\/wordpress\/wp-json\/wp\/v2\/media?parent=183204"}],"wp:term":[{"taxonomy":"category","embeddable":true,"href":"https:\/\/www.mjlesgaislurons.be\/wordpress\/wp-json\/wp\/v2\/categories?post=183204"},{"taxonomy":"post_tag","embeddable":true,"href":"https:\/\/www.mjlesgaislurons.be\/wordpress\/wp-json\/wp\/v2\/tags?post=183204"}],"curies":[{"name":"wp","href":"https:\/\/api.w.org\/{rel}","templated":true}]}}