{"id":885,"date":"2017-08-14T16:13:36","date_gmt":"2017-08-14T15:13:36","guid":{"rendered":"http:\/\/www.mjlesgaislurons.be\/wordpress\/?p=885"},"modified":"2017-08-14T16:49:44","modified_gmt":"2017-08-14T15:49:44","slug":"camp-normandie-2017","status":"publish","type":"post","link":"https:\/\/www.mjlesgaislurons.be\/wordpress\/camp-normandie-2017\/","title":{"rendered":"Camp Normandie 2017"},"content":{"rendered":"<h1><span style=\"color: #ff0000;\">Camp Normandie 2017<\/span><\/h1>\n<hr \/>\n<p>Quelques photos de notre camp en Normandie de ce mois d&rsquo;ao\u00fbt 2017 \u00e0 Port-en-Bessin-Huppain. Au programme : des mus\u00e9es, des randonn\u00e9es, des paysages et des monuments superbes ainsi qu&rsquo;un brin de pluie !<\/p>\n<p>Vous pouvez cliquer sur les\u00a0 images pour les agrandir.<\/p>\n<div id=\"attachment_912\" style=\"width: 486px\" class=\"wp-caption aligncenter\"><a href=\"https:\/\/www.mjlesgaislurons.be\/wordpress\/wp-content\/uploads\/2017\/08\/IMG_0745.jpg\"><img loading=\"lazy\" decoding=\"async\" aria-describedby=\"caption-attachment-912\" class=\"wp-image-912\" src=\"https:\/\/www.mjlesgaislurons.be\/wordpress\/wp-content\/uploads\/2017\/08\/IMG_0745-1024x768.jpg\" alt=\"Deux sp\u00e9cialit\u00e9s locales: la &quot;k\u00e9kette&quot; et la &quot;fess\u00e9e&quot;!\" width=\"476\" height=\"357\" srcset=\"https:\/\/www.mjlesgaislurons.be\/wordpress\/wp-content\/uploads\/2017\/08\/IMG_0745-1024x768.jpg 1024w, https:\/\/www.mjlesgaislurons.be\/wordpress\/wp-content\/uploads\/2017\/08\/IMG_0745-300x225.jpg 300w, https:\/\/www.mjlesgaislurons.be\/wordpress\/wp-content\/uploads\/2017\/08\/IMG_0745-768x576.jpg 768w, https:\/\/www.mjlesgaislurons.be\/wordpress\/wp-content\/uploads\/2017\/08\/IMG_0745.jpg 1280w\" sizes=\"auto, (max-width: 476px) 100vw, 476px\" \/><\/a><p id=\"caption-attachment-912\" class=\"wp-caption-text\">Deux sp\u00e9cialit\u00e9s locales: la \u00ab\u00a0k\u00e9kette\u00a0\u00bb et la \u00ab\u00a0fess\u00e9e\u00a0\u00bb!<\/p><\/div>\n<div id=\"attachment_911\" style=\"width: 486px\" class=\"wp-caption aligncenter\"><a href=\"https:\/\/www.mjlesgaislurons.be\/wordpress\/wp-content\/uploads\/2017\/08\/IMG_0743.jpg\"><img loading=\"lazy\" decoding=\"async\" aria-describedby=\"caption-attachment-911\" class=\"wp-image-911\" src=\"https:\/\/www.mjlesgaislurons.be\/wordpress\/wp-content\/uploads\/2017\/08\/IMG_0743-1024x768.jpg\" alt=\"Nous avons d\u00e8s le premier jour remarqu\u00e9 o\u00f9 se trouvaient les magasins de souvenirs !\" width=\"476\" height=\"357\" srcset=\"https:\/\/www.mjlesgaislurons.be\/wordpress\/wp-content\/uploads\/2017\/08\/IMG_0743-1024x768.jpg 1024w, https:\/\/www.mjlesgaislurons.be\/wordpress\/wp-content\/uploads\/2017\/08\/IMG_0743-300x225.jpg 300w, https:\/\/www.mjlesgaislurons.be\/wordpress\/wp-content\/uploads\/2017\/08\/IMG_0743-768x576.jpg 768w, https:\/\/www.mjlesgaislurons.be\/wordpress\/wp-content\/uploads\/2017\/08\/IMG_0743.jpg 1280w\" sizes=\"auto, (max-width: 476px) 100vw, 476px\" \/><\/a><p id=\"caption-attachment-911\" class=\"wp-caption-text\">Nous avons d\u00e8s le premier jour remarqu\u00e9 o\u00f9 se trouvaient les magasins de souvenirs !<\/p><\/div>\n<div id=\"attachment_910\" style=\"width: 486px\" class=\"wp-caption aligncenter\"><a href=\"https:\/\/www.mjlesgaislurons.be\/wordpress\/wp-content\/uploads\/2017\/08\/IMG_0733.jpg\"><img loading=\"lazy\" decoding=\"async\" aria-describedby=\"caption-attachment-910\" class=\"wp-image-910\" src=\"https:\/\/www.mjlesgaislurons.be\/wordpress\/wp-content\/uploads\/2017\/08\/IMG_0733-1024x768.jpg\" alt=\"Le premier jour, sur le port. Apr\u00e8s avoir mont\u00e9 le camp, le groupe s'est rendu dans un sympathique restaurant.\" width=\"476\" height=\"357\" srcset=\"https:\/\/www.mjlesgaislurons.be\/wordpress\/wp-content\/uploads\/2017\/08\/IMG_0733-1024x768.jpg 1024w, https:\/\/www.mjlesgaislurons.be\/wordpress\/wp-content\/uploads\/2017\/08\/IMG_0733-300x225.jpg 300w, https:\/\/www.mjlesgaislurons.be\/wordpress\/wp-content\/uploads\/2017\/08\/IMG_0733-768x576.jpg 768w, https:\/\/www.mjlesgaislurons.be\/wordpress\/wp-content\/uploads\/2017\/08\/IMG_0733.jpg 1280w\" sizes=\"auto, (max-width: 476px) 100vw, 476px\" \/><\/a><p id=\"caption-attachment-910\" class=\"wp-caption-text\">Le premier jour, sur le port. Apr\u00e8s avoir mont\u00e9 le camp, le groupe s&rsquo;est rendu dans un sympathique restaurant.<\/p><\/div>\n<p><!--more--><\/p>\n<div id=\"attachment_933\" style=\"width: 486px\" class=\"wp-caption aligncenter\"><a href=\"https:\/\/www.mjlesgaislurons.be\/wordpress\/wp-content\/uploads\/2017\/08\/IMG_0969.jpg\"><img loading=\"lazy\" decoding=\"async\" aria-describedby=\"caption-attachment-933\" class=\"wp-image-933\" src=\"https:\/\/www.mjlesgaislurons.be\/wordpress\/wp-content\/uploads\/2017\/08\/IMG_0969-1024x768.jpg\" alt=\"Le man\u00e8ge enchant\u00e9...\" width=\"476\" height=\"357\" srcset=\"https:\/\/www.mjlesgaislurons.be\/wordpress\/wp-content\/uploads\/2017\/08\/IMG_0969-1024x768.jpg 1024w, https:\/\/www.mjlesgaislurons.be\/wordpress\/wp-content\/uploads\/2017\/08\/IMG_0969-300x225.jpg 300w, https:\/\/www.mjlesgaislurons.be\/wordpress\/wp-content\/uploads\/2017\/08\/IMG_0969-768x576.jpg 768w, https:\/\/www.mjlesgaislurons.be\/wordpress\/wp-content\/uploads\/2017\/08\/IMG_0969.jpg 1280w\" sizes=\"auto, (max-width: 476px) 100vw, 476px\" \/><\/a><p id=\"caption-attachment-933\" class=\"wp-caption-text\">Le man\u00e8ge enchant\u00e9&#8230;<\/p><\/div>\n<div id=\"attachment_932\" style=\"width: 486px\" class=\"wp-caption aligncenter\"><a href=\"https:\/\/www.mjlesgaislurons.be\/wordpress\/wp-content\/uploads\/2017\/08\/IMG_0964.jpg\"><img loading=\"lazy\" decoding=\"async\" aria-describedby=\"caption-attachment-932\" class=\"wp-image-932\" src=\"https:\/\/www.mjlesgaislurons.be\/wordpress\/wp-content\/uploads\/2017\/08\/IMG_0964-1024x768.jpg\" alt=\"La p\u00eache aux coquillages, de nuit, \u00e0 mar\u00e9e montante...Les coquillages normands sont \u00e9normes, et les belges font p\u00e2le figure en comparaison...\" width=\"476\" height=\"357\" srcset=\"https:\/\/www.mjlesgaislurons.be\/wordpress\/wp-content\/uploads\/2017\/08\/IMG_0964-1024x768.jpg 1024w, https:\/\/www.mjlesgaislurons.be\/wordpress\/wp-content\/uploads\/2017\/08\/IMG_0964-300x225.jpg 300w, https:\/\/www.mjlesgaislurons.be\/wordpress\/wp-content\/uploads\/2017\/08\/IMG_0964-768x576.jpg 768w, https:\/\/www.mjlesgaislurons.be\/wordpress\/wp-content\/uploads\/2017\/08\/IMG_0964.jpg 1280w\" sizes=\"auto, (max-width: 476px) 100vw, 476px\" \/><\/a><p id=\"caption-attachment-932\" class=\"wp-caption-text\">La p\u00eache aux coquillages, de nuit, \u00e0 mar\u00e9e montante&#8230;Les coquillages normands sont \u00e9normes, et les belges font p\u00e2le figure en comparaison&#8230;<\/p><\/div>\n<div id=\"attachment_931\" style=\"width: 486px\" class=\"wp-caption aligncenter\"><a href=\"https:\/\/www.mjlesgaislurons.be\/wordpress\/wp-content\/uploads\/2017\/08\/IMG_0950.jpg\"><img loading=\"lazy\" decoding=\"async\" aria-describedby=\"caption-attachment-931\" class=\"wp-image-931\" src=\"https:\/\/www.mjlesgaislurons.be\/wordpress\/wp-content\/uploads\/2017\/08\/IMG_0950-1024x768.jpg\" alt=\"Moment d\u00e9tente autour d'une glace sur le port...\" width=\"476\" height=\"357\" srcset=\"https:\/\/www.mjlesgaislurons.be\/wordpress\/wp-content\/uploads\/2017\/08\/IMG_0950-1024x768.jpg 1024w, https:\/\/www.mjlesgaislurons.be\/wordpress\/wp-content\/uploads\/2017\/08\/IMG_0950-300x225.jpg 300w, https:\/\/www.mjlesgaislurons.be\/wordpress\/wp-content\/uploads\/2017\/08\/IMG_0950-768x576.jpg 768w, https:\/\/www.mjlesgaislurons.be\/wordpress\/wp-content\/uploads\/2017\/08\/IMG_0950.jpg 1280w\" sizes=\"auto, (max-width: 476px) 100vw, 476px\" \/><\/a><p id=\"caption-attachment-931\" class=\"wp-caption-text\">Moment d\u00e9tente autour d&rsquo;une glace sur le port&#8230;<\/p><\/div>\n<div id=\"attachment_930\" style=\"width: 486px\" class=\"wp-caption aligncenter\"><a href=\"https:\/\/www.mjlesgaislurons.be\/wordpress\/wp-content\/uploads\/2017\/08\/IMG_0940.jpg\"><img loading=\"lazy\" decoding=\"async\" aria-describedby=\"caption-attachment-930\" class=\"wp-image-930\" src=\"https:\/\/www.mjlesgaislurons.be\/wordpress\/wp-content\/uploads\/2017\/08\/IMG_0940-1024x768.jpg\" alt=\"La tour Vauban, qui garde le port et la plage...\" width=\"476\" height=\"357\" srcset=\"https:\/\/www.mjlesgaislurons.be\/wordpress\/wp-content\/uploads\/2017\/08\/IMG_0940-1024x768.jpg 1024w, https:\/\/www.mjlesgaislurons.be\/wordpress\/wp-content\/uploads\/2017\/08\/IMG_0940-300x225.jpg 300w, https:\/\/www.mjlesgaislurons.be\/wordpress\/wp-content\/uploads\/2017\/08\/IMG_0940-768x576.jpg 768w, https:\/\/www.mjlesgaislurons.be\/wordpress\/wp-content\/uploads\/2017\/08\/IMG_0940.jpg 1280w\" sizes=\"auto, (max-width: 476px) 100vw, 476px\" \/><\/a><p id=\"caption-attachment-930\" class=\"wp-caption-text\">La tour Vauban, qui garde le port et la plage&#8230;<\/p><\/div>\n<div id=\"attachment_929\" style=\"width: 486px\" class=\"wp-caption aligncenter\"><a href=\"https:\/\/www.mjlesgaislurons.be\/wordpress\/wp-content\/uploads\/2017\/08\/IMG_0918.jpg\"><img loading=\"lazy\" decoding=\"async\" aria-describedby=\"caption-attachment-929\" class=\"wp-image-929\" src=\"https:\/\/www.mjlesgaislurons.be\/wordpress\/wp-content\/uploads\/2017\/08\/IMG_0918-1024x768.jpg\" alt=\"Les plages de Normandie...\" width=\"476\" height=\"357\" srcset=\"https:\/\/www.mjlesgaislurons.be\/wordpress\/wp-content\/uploads\/2017\/08\/IMG_0918-1024x768.jpg 1024w, https:\/\/www.mjlesgaislurons.be\/wordpress\/wp-content\/uploads\/2017\/08\/IMG_0918-300x225.jpg 300w, https:\/\/www.mjlesgaislurons.be\/wordpress\/wp-content\/uploads\/2017\/08\/IMG_0918-768x576.jpg 768w, https:\/\/www.mjlesgaislurons.be\/wordpress\/wp-content\/uploads\/2017\/08\/IMG_0918.jpg 1280w\" sizes=\"auto, (max-width: 476px) 100vw, 476px\" \/><\/a><p id=\"caption-attachment-929\" class=\"wp-caption-text\">Les plages de Normandie&#8230;<\/p><\/div>\n<div id=\"attachment_926\" style=\"width: 486px\" class=\"wp-caption aligncenter\"><a href=\"https:\/\/www.mjlesgaislurons.be\/wordpress\/wp-content\/uploads\/2017\/08\/IMG_0871.jpg\"><img loading=\"lazy\" decoding=\"async\" aria-describedby=\"caption-attachment-926\" class=\"wp-image-926\" src=\"https:\/\/www.mjlesgaislurons.be\/wordpress\/wp-content\/uploads\/2017\/08\/IMG_0871-1024x768.jpg\" alt=\"Dans la troupe, y a pas de jambes de bois!\" width=\"476\" height=\"357\" srcset=\"https:\/\/www.mjlesgaislurons.be\/wordpress\/wp-content\/uploads\/2017\/08\/IMG_0871-1024x768.jpg 1024w, https:\/\/www.mjlesgaislurons.be\/wordpress\/wp-content\/uploads\/2017\/08\/IMG_0871-300x225.jpg 300w, https:\/\/www.mjlesgaislurons.be\/wordpress\/wp-content\/uploads\/2017\/08\/IMG_0871-768x576.jpg 768w, https:\/\/www.mjlesgaislurons.be\/wordpress\/wp-content\/uploads\/2017\/08\/IMG_0871.jpg 1280w\" sizes=\"auto, (max-width: 476px) 100vw, 476px\" \/><\/a><p id=\"caption-attachment-926\" class=\"wp-caption-text\">Dans la troupe, y a pas de jambes de bois!<\/p><\/div>\n<div id=\"attachment_928\" style=\"width: 486px\" class=\"wp-caption aligncenter\"><a href=\"https:\/\/www.mjlesgaislurons.be\/wordpress\/wp-content\/uploads\/2017\/08\/IMG_0901.jpg\"><img loading=\"lazy\" decoding=\"async\" aria-describedby=\"caption-attachment-928\" class=\"wp-image-928\" src=\"https:\/\/www.mjlesgaislurons.be\/wordpress\/wp-content\/uploads\/2017\/08\/IMG_0901-1024x768.jpg\" alt=\"Y a que des nouilles mais \u00e7a ne se voit pas... ou les joies de la randonn\u00e9e dans la nature...\" width=\"476\" height=\"357\" srcset=\"https:\/\/www.mjlesgaislurons.be\/wordpress\/wp-content\/uploads\/2017\/08\/IMG_0901-1024x768.jpg 1024w, https:\/\/www.mjlesgaislurons.be\/wordpress\/wp-content\/uploads\/2017\/08\/IMG_0901-300x225.jpg 300w, https:\/\/www.mjlesgaislurons.be\/wordpress\/wp-content\/uploads\/2017\/08\/IMG_0901-768x576.jpg 768w, https:\/\/www.mjlesgaislurons.be\/wordpress\/wp-content\/uploads\/2017\/08\/IMG_0901.jpg 1280w\" sizes=\"auto, (max-width: 476px) 100vw, 476px\" \/><\/a><p id=\"caption-attachment-928\" class=\"wp-caption-text\">Y a que des nouilles mais \u00e7a ne se voit pas&#8230; ou les joies de la randonn\u00e9e dans la nature&#8230;<\/p><\/div>\n<div id=\"attachment_927\" style=\"width: 486px\" class=\"wp-caption aligncenter\"><a href=\"https:\/\/www.mjlesgaislurons.be\/wordpress\/wp-content\/uploads\/2017\/08\/IMG_0888.jpg\"><img loading=\"lazy\" decoding=\"async\" aria-describedby=\"caption-attachment-927\" class=\"wp-image-927\" src=\"https:\/\/www.mjlesgaislurons.be\/wordpress\/wp-content\/uploads\/2017\/08\/IMG_0888-1024x768.jpg\" alt=\"\" width=\"476\" height=\"357\" srcset=\"https:\/\/www.mjlesgaislurons.be\/wordpress\/wp-content\/uploads\/2017\/08\/IMG_0888-1024x768.jpg 1024w, https:\/\/www.mjlesgaislurons.be\/wordpress\/wp-content\/uploads\/2017\/08\/IMG_0888-300x225.jpg 300w, https:\/\/www.mjlesgaislurons.be\/wordpress\/wp-content\/uploads\/2017\/08\/IMG_0888-768x576.jpg 768w, https:\/\/www.mjlesgaislurons.be\/wordpress\/wp-content\/uploads\/2017\/08\/IMG_0888.jpg 1280w\" sizes=\"auto, (max-width: 476px) 100vw, 476px\" \/><\/a><p id=\"caption-attachment-927\" class=\"wp-caption-text\">Le groupe devant le manoir d&rsquo;Argouges, dont les douves seraient habit\u00e9es par une f\u00e9e&#8230;<\/p><\/div>\n<div id=\"attachment_925\" style=\"width: 486px\" class=\"wp-caption aligncenter\"><a href=\"https:\/\/www.mjlesgaislurons.be\/wordpress\/wp-content\/uploads\/2017\/08\/IMG_0862.jpg\"><img loading=\"lazy\" decoding=\"async\" aria-describedby=\"caption-attachment-925\" class=\"wp-image-925\" src=\"https:\/\/www.mjlesgaislurons.be\/wordpress\/wp-content\/uploads\/2017\/08\/IMG_0862-1024x768.jpg\" alt=\"Bayeux , l'\u00e9glise Saint Patrice.\" width=\"476\" height=\"357\" srcset=\"https:\/\/www.mjlesgaislurons.be\/wordpress\/wp-content\/uploads\/2017\/08\/IMG_0862-1024x768.jpg 1024w, https:\/\/www.mjlesgaislurons.be\/wordpress\/wp-content\/uploads\/2017\/08\/IMG_0862-300x225.jpg 300w, https:\/\/www.mjlesgaislurons.be\/wordpress\/wp-content\/uploads\/2017\/08\/IMG_0862-768x576.jpg 768w, https:\/\/www.mjlesgaislurons.be\/wordpress\/wp-content\/uploads\/2017\/08\/IMG_0862.jpg 1280w\" sizes=\"auto, (max-width: 476px) 100vw, 476px\" \/><\/a><p id=\"caption-attachment-925\" class=\"wp-caption-text\">Bayeux , l&rsquo;\u00e9glise Saint Patrice.<\/p><\/div>\n<div id=\"attachment_924\" style=\"width: 486px\" class=\"wp-caption aligncenter\"><a href=\"https:\/\/www.mjlesgaislurons.be\/wordpress\/wp-content\/uploads\/2017\/08\/IMG_0856.jpg\"><img loading=\"lazy\" decoding=\"async\" aria-describedby=\"caption-attachment-924\" class=\"wp-image-924\" src=\"https:\/\/www.mjlesgaislurons.be\/wordpress\/wp-content\/uploads\/2017\/08\/IMG_0856-1024x768.jpg\" alt=\"Une photo du camp.\" width=\"476\" height=\"357\" srcset=\"https:\/\/www.mjlesgaislurons.be\/wordpress\/wp-content\/uploads\/2017\/08\/IMG_0856-1024x768.jpg 1024w, https:\/\/www.mjlesgaislurons.be\/wordpress\/wp-content\/uploads\/2017\/08\/IMG_0856-300x225.jpg 300w, https:\/\/www.mjlesgaislurons.be\/wordpress\/wp-content\/uploads\/2017\/08\/IMG_0856-768x576.jpg 768w, https:\/\/www.mjlesgaislurons.be\/wordpress\/wp-content\/uploads\/2017\/08\/IMG_0856.jpg 1280w\" sizes=\"auto, (max-width: 476px) 100vw, 476px\" \/><\/a><p id=\"caption-attachment-924\" class=\"wp-caption-text\">Une photo du camp.<\/p><\/div>\n<div id=\"attachment_923\" style=\"width: 486px\" class=\"wp-caption aligncenter\"><a href=\"https:\/\/www.mjlesgaislurons.be\/wordpress\/wp-content\/uploads\/2017\/08\/IMG_0810.jpg\"><img loading=\"lazy\" decoding=\"async\" aria-describedby=\"caption-attachment-923\" class=\"wp-image-923\" src=\"https:\/\/www.mjlesgaislurons.be\/wordpress\/wp-content\/uploads\/2017\/08\/IMG_0810-1024x768.jpg\" alt=\"Une ancre photographi\u00e9e au Mus\u00e9e des \u00e9paves sous marines...\" width=\"476\" height=\"357\" srcset=\"https:\/\/www.mjlesgaislurons.be\/wordpress\/wp-content\/uploads\/2017\/08\/IMG_0810-1024x768.jpg 1024w, https:\/\/www.mjlesgaislurons.be\/wordpress\/wp-content\/uploads\/2017\/08\/IMG_0810-300x225.jpg 300w, https:\/\/www.mjlesgaislurons.be\/wordpress\/wp-content\/uploads\/2017\/08\/IMG_0810-768x576.jpg 768w, https:\/\/www.mjlesgaislurons.be\/wordpress\/wp-content\/uploads\/2017\/08\/IMG_0810.jpg 1280w\" sizes=\"auto, (max-width: 476px) 100vw, 476px\" \/><\/a><p id=\"caption-attachment-923\" class=\"wp-caption-text\">Une ancre photographi\u00e9e au Mus\u00e9e des \u00e9paves sous marines&#8230;<\/p><\/div>\n<div id=\"attachment_922\" style=\"width: 486px\" class=\"wp-caption aligncenter\"><a href=\"https:\/\/www.mjlesgaislurons.be\/wordpress\/wp-content\/uploads\/2017\/08\/IMG_0806.jpg\"><img loading=\"lazy\" decoding=\"async\" aria-describedby=\"caption-attachment-922\" class=\"wp-image-922\" src=\"https:\/\/www.mjlesgaislurons.be\/wordpress\/wp-content\/uploads\/2017\/08\/IMG_0806-1024x768.jpg\" alt=\"Un tank au mus\u00e9e des \u00e9paves sous marines. Comme quoi il n'y a pas que des \u00e9paves de bateaux dans la mer !\" width=\"476\" height=\"357\" srcset=\"https:\/\/www.mjlesgaislurons.be\/wordpress\/wp-content\/uploads\/2017\/08\/IMG_0806-1024x768.jpg 1024w, https:\/\/www.mjlesgaislurons.be\/wordpress\/wp-content\/uploads\/2017\/08\/IMG_0806-300x225.jpg 300w, https:\/\/www.mjlesgaislurons.be\/wordpress\/wp-content\/uploads\/2017\/08\/IMG_0806-768x576.jpg 768w, https:\/\/www.mjlesgaislurons.be\/wordpress\/wp-content\/uploads\/2017\/08\/IMG_0806.jpg 1280w\" sizes=\"auto, (max-width: 476px) 100vw, 476px\" \/><\/a><p id=\"caption-attachment-922\" class=\"wp-caption-text\">Un tank au mus\u00e9e des \u00e9paves sous marines. Comme quoi il n&rsquo;y a pas que des \u00e9paves de bateaux dans la mer !<\/p><\/div>\n<div id=\"attachment_921\" style=\"width: 486px\" class=\"wp-caption aligncenter\"><a href=\"https:\/\/www.mjlesgaislurons.be\/wordpress\/wp-content\/uploads\/2017\/08\/IMG_0798.jpg\"><img loading=\"lazy\" decoding=\"async\" aria-describedby=\"caption-attachment-921\" class=\"wp-image-921\" src=\"https:\/\/www.mjlesgaislurons.be\/wordpress\/wp-content\/uploads\/2017\/08\/IMG_0798-1024x768.jpg\" alt=\"Le groupe au mus\u00e9e m\u00e9morial d'Omaha Beach , haut lieu du D\u00e9barquement en 1944. Rememeber the D-Day!\" width=\"476\" height=\"357\" srcset=\"https:\/\/www.mjlesgaislurons.be\/wordpress\/wp-content\/uploads\/2017\/08\/IMG_0798-1024x768.jpg 1024w, https:\/\/www.mjlesgaislurons.be\/wordpress\/wp-content\/uploads\/2017\/08\/IMG_0798-300x225.jpg 300w, https:\/\/www.mjlesgaislurons.be\/wordpress\/wp-content\/uploads\/2017\/08\/IMG_0798-768x576.jpg 768w, https:\/\/www.mjlesgaislurons.be\/wordpress\/wp-content\/uploads\/2017\/08\/IMG_0798.jpg 1280w\" sizes=\"auto, (max-width: 476px) 100vw, 476px\" \/><\/a><p id=\"caption-attachment-921\" class=\"wp-caption-text\">Le groupe au mus\u00e9e m\u00e9morial d&rsquo;Omaha Beach , haut lieu du D\u00e9barquement en 1944. Remember the D-Day!<\/p><\/div>\n<div id=\"attachment_920\" style=\"width: 486px\" class=\"wp-caption aligncenter\"><a href=\"https:\/\/www.mjlesgaislurons.be\/wordpress\/wp-content\/uploads\/2017\/08\/IMG_0795.jpg\"><img loading=\"lazy\" decoding=\"async\" aria-describedby=\"caption-attachment-920\" class=\"wp-image-920\" src=\"https:\/\/www.mjlesgaislurons.be\/wordpress\/wp-content\/uploads\/2017\/08\/IMG_0795-1024x768.jpg\" alt=\"M\u00eame pas besoin de faire une l\u00e9gende...\" width=\"476\" height=\"357\" srcset=\"https:\/\/www.mjlesgaislurons.be\/wordpress\/wp-content\/uploads\/2017\/08\/IMG_0795-1024x768.jpg 1024w, https:\/\/www.mjlesgaislurons.be\/wordpress\/wp-content\/uploads\/2017\/08\/IMG_0795-300x225.jpg 300w, https:\/\/www.mjlesgaislurons.be\/wordpress\/wp-content\/uploads\/2017\/08\/IMG_0795-768x576.jpg 768w, https:\/\/www.mjlesgaislurons.be\/wordpress\/wp-content\/uploads\/2017\/08\/IMG_0795.jpg 1280w\" sizes=\"auto, (max-width: 476px) 100vw, 476px\" \/><\/a><p id=\"caption-attachment-920\" class=\"wp-caption-text\">M\u00eame pas besoin de faire une l\u00e9gende&#8230;<\/p><\/div>\n<div id=\"attachment_919\" style=\"width: 486px\" class=\"wp-caption aligncenter\"><a href=\"https:\/\/www.mjlesgaislurons.be\/wordpress\/wp-content\/uploads\/2017\/08\/IMG_0789.jpg\"><img loading=\"lazy\" decoding=\"async\" aria-describedby=\"caption-attachment-919\" class=\"wp-image-919\" src=\"https:\/\/www.mjlesgaislurons.be\/wordpress\/wp-content\/uploads\/2017\/08\/IMG_0789-1024x768.jpg\" alt=\"Le groupe au mus\u00e9e m\u00e9morial d'Omaha Beach.\" width=\"476\" height=\"357\" srcset=\"https:\/\/www.mjlesgaislurons.be\/wordpress\/wp-content\/uploads\/2017\/08\/IMG_0789-1024x768.jpg 1024w, https:\/\/www.mjlesgaislurons.be\/wordpress\/wp-content\/uploads\/2017\/08\/IMG_0789-300x225.jpg 300w, https:\/\/www.mjlesgaislurons.be\/wordpress\/wp-content\/uploads\/2017\/08\/IMG_0789-768x576.jpg 768w, https:\/\/www.mjlesgaislurons.be\/wordpress\/wp-content\/uploads\/2017\/08\/IMG_0789.jpg 1280w\" sizes=\"auto, (max-width: 476px) 100vw, 476px\" \/><\/a><p id=\"caption-attachment-919\" class=\"wp-caption-text\">Le groupe au mus\u00e9e m\u00e9morial d&rsquo;Omaha Beach.<\/p><\/div>\n<div id=\"attachment_918\" style=\"width: 486px\" class=\"wp-caption aligncenter\"><a href=\"https:\/\/www.mjlesgaislurons.be\/wordpress\/wp-content\/uploads\/2017\/08\/IMG_0786.jpg\"><img loading=\"lazy\" decoding=\"async\" aria-describedby=\"caption-attachment-918\" class=\"wp-image-918\" src=\"https:\/\/www.mjlesgaislurons.be\/wordpress\/wp-content\/uploads\/2017\/08\/IMG_0786-1024x768.jpg\" alt=\"Des membres du groupe regardant une vitrine au mus\u00e9e.\" width=\"476\" height=\"357\" srcset=\"https:\/\/www.mjlesgaislurons.be\/wordpress\/wp-content\/uploads\/2017\/08\/IMG_0786-1024x768.jpg 1024w, https:\/\/www.mjlesgaislurons.be\/wordpress\/wp-content\/uploads\/2017\/08\/IMG_0786-300x225.jpg 300w, https:\/\/www.mjlesgaislurons.be\/wordpress\/wp-content\/uploads\/2017\/08\/IMG_0786-768x576.jpg 768w, https:\/\/www.mjlesgaislurons.be\/wordpress\/wp-content\/uploads\/2017\/08\/IMG_0786.jpg 1280w\" sizes=\"auto, (max-width: 476px) 100vw, 476px\" \/><\/a><p id=\"caption-attachment-918\" class=\"wp-caption-text\">Des membres du groupe regardant une vitrine au mus\u00e9e.<\/p><\/div>\n<div id=\"attachment_917\" style=\"width: 486px\" class=\"wp-caption aligncenter\"><a href=\"https:\/\/www.mjlesgaislurons.be\/wordpress\/wp-content\/uploads\/2017\/08\/IMG_0785.jpg\"><img loading=\"lazy\" decoding=\"async\" aria-describedby=\"caption-attachment-917\" class=\"wp-image-917\" src=\"https:\/\/www.mjlesgaislurons.be\/wordpress\/wp-content\/uploads\/2017\/08\/IMG_0785-1024x768.jpg\" alt=\"Apr\u00e8s avoir subi la col\u00e8re des \u00e9l\u00e9ments, le groupe se pr\u00e9cipite vers le Mus\u00e9e.\" width=\"476\" height=\"357\" srcset=\"https:\/\/www.mjlesgaislurons.be\/wordpress\/wp-content\/uploads\/2017\/08\/IMG_0785-1024x768.jpg 1024w, https:\/\/www.mjlesgaislurons.be\/wordpress\/wp-content\/uploads\/2017\/08\/IMG_0785-300x225.jpg 300w, https:\/\/www.mjlesgaislurons.be\/wordpress\/wp-content\/uploads\/2017\/08\/IMG_0785-768x576.jpg 768w, https:\/\/www.mjlesgaislurons.be\/wordpress\/wp-content\/uploads\/2017\/08\/IMG_0785.jpg 1280w\" sizes=\"auto, (max-width: 476px) 100vw, 476px\" \/><\/a><p id=\"caption-attachment-917\" class=\"wp-caption-text\">Apr\u00e8s avoir subi la col\u00e8re des \u00e9l\u00e9ments, le groupe se pr\u00e9cipite vers le Mus\u00e9e.<\/p><\/div>\n<div id=\"attachment_916\" style=\"width: 486px\" class=\"wp-caption aligncenter\"><a href=\"https:\/\/www.mjlesgaislurons.be\/wordpress\/wp-content\/uploads\/2017\/08\/IMG_0782.jpg\"><img loading=\"lazy\" decoding=\"async\" aria-describedby=\"caption-attachment-916\" class=\"wp-image-916\" src=\"https:\/\/www.mjlesgaislurons.be\/wordpress\/wp-content\/uploads\/2017\/08\/IMG_0782-1024x768.jpg\" alt=\"Surpris par la pluie diluvienne en pleine randonn\u00e9e vers un Mus\u00e9e, le groupe trouve un peu de r\u00e9confort (et un lieu \u00e0 sec ) sous un abribus.\" width=\"476\" height=\"357\" srcset=\"https:\/\/www.mjlesgaislurons.be\/wordpress\/wp-content\/uploads\/2017\/08\/IMG_0782-1024x768.jpg 1024w, https:\/\/www.mjlesgaislurons.be\/wordpress\/wp-content\/uploads\/2017\/08\/IMG_0782-300x225.jpg 300w, https:\/\/www.mjlesgaislurons.be\/wordpress\/wp-content\/uploads\/2017\/08\/IMG_0782-768x576.jpg 768w, https:\/\/www.mjlesgaislurons.be\/wordpress\/wp-content\/uploads\/2017\/08\/IMG_0782.jpg 1280w\" sizes=\"auto, (max-width: 476px) 100vw, 476px\" \/><\/a><p id=\"caption-attachment-916\" class=\"wp-caption-text\">Surpris par la pluie diluvienne en pleine randonn\u00e9e vers un Mus\u00e9e, le groupe trouve un peu de r\u00e9confort (et un lieu \u00e0 sec ) sous un abribus.<\/p><\/div>\n<div id=\"attachment_915\" style=\"width: 486px\" class=\"wp-caption aligncenter\"><a href=\"https:\/\/www.mjlesgaislurons.be\/wordpress\/wp-content\/uploads\/2017\/08\/IMG_0766.jpg\"><img loading=\"lazy\" decoding=\"async\" aria-describedby=\"caption-attachment-915\" class=\"wp-image-915\" src=\"https:\/\/www.mjlesgaislurons.be\/wordpress\/wp-content\/uploads\/2017\/08\/IMG_0766-1024x768.jpg\" alt=\"La rade du port \u00e0 Port-en-Bessin-Huppain, avec vue sur les dunes.\" width=\"476\" height=\"357\" srcset=\"https:\/\/www.mjlesgaislurons.be\/wordpress\/wp-content\/uploads\/2017\/08\/IMG_0766-1024x768.jpg 1024w, https:\/\/www.mjlesgaislurons.be\/wordpress\/wp-content\/uploads\/2017\/08\/IMG_0766-300x225.jpg 300w, https:\/\/www.mjlesgaislurons.be\/wordpress\/wp-content\/uploads\/2017\/08\/IMG_0766-768x576.jpg 768w, https:\/\/www.mjlesgaislurons.be\/wordpress\/wp-content\/uploads\/2017\/08\/IMG_0766.jpg 1280w\" sizes=\"auto, (max-width: 476px) 100vw, 476px\" \/><\/a><p id=\"caption-attachment-915\" class=\"wp-caption-text\">La rade du port \u00e0 Port-en-Bessin-Huppain, avec vue sur les dunes.<\/p><\/div>\n<div id=\"attachment_914\" style=\"width: 486px\" class=\"wp-caption aligncenter\"><a href=\"https:\/\/www.mjlesgaislurons.be\/wordpress\/wp-content\/uploads\/2017\/08\/IMG_0765.jpg\"><img loading=\"lazy\" decoding=\"async\" aria-describedby=\"caption-attachment-914\" class=\"wp-image-914\" src=\"https:\/\/www.mjlesgaislurons.be\/wordpress\/wp-content\/uploads\/2017\/08\/IMG_0765-1024x768.jpg\" alt=\"Vue du port et du village depuis la rade.\" width=\"476\" height=\"357\" srcset=\"https:\/\/www.mjlesgaislurons.be\/wordpress\/wp-content\/uploads\/2017\/08\/IMG_0765-1024x768.jpg 1024w, https:\/\/www.mjlesgaislurons.be\/wordpress\/wp-content\/uploads\/2017\/08\/IMG_0765-300x225.jpg 300w, https:\/\/www.mjlesgaislurons.be\/wordpress\/wp-content\/uploads\/2017\/08\/IMG_0765-768x576.jpg 768w, https:\/\/www.mjlesgaislurons.be\/wordpress\/wp-content\/uploads\/2017\/08\/IMG_0765.jpg 1280w\" sizes=\"auto, (max-width: 476px) 100vw, 476px\" \/><\/a><p id=\"caption-attachment-914\" class=\"wp-caption-text\">Vue du port et du village depuis la rade.<\/p><\/div>\n<div id=\"attachment_913\" style=\"width: 486px\" class=\"wp-caption aligncenter\"><a href=\"https:\/\/www.mjlesgaislurons.be\/wordpress\/wp-content\/uploads\/2017\/08\/IMG_0761.jpg\"><img loading=\"lazy\" decoding=\"async\" aria-describedby=\"caption-attachment-913\" class=\"wp-image-913\" src=\"https:\/\/www.mjlesgaislurons.be\/wordpress\/wp-content\/uploads\/2017\/08\/IMG_0761-1024x768.jpg\" alt=\"Le groupe devant la mer.\" width=\"476\" height=\"357\" srcset=\"https:\/\/www.mjlesgaislurons.be\/wordpress\/wp-content\/uploads\/2017\/08\/IMG_0761-1024x768.jpg 1024w, https:\/\/www.mjlesgaislurons.be\/wordpress\/wp-content\/uploads\/2017\/08\/IMG_0761-300x225.jpg 300w, https:\/\/www.mjlesgaislurons.be\/wordpress\/wp-content\/uploads\/2017\/08\/IMG_0761-768x576.jpg 768w, https:\/\/www.mjlesgaislurons.be\/wordpress\/wp-content\/uploads\/2017\/08\/IMG_0761.jpg 1280w\" sizes=\"auto, (max-width: 476px) 100vw, 476px\" \/><\/a><p id=\"caption-attachment-913\" class=\"wp-caption-text\">Le groupe devant la mer.<\/p><\/div>\n<p>&nbsp;<\/p>\n","protected":false},"excerpt":{"rendered":"<p>Camp Normandie 2017 Quelques photos de notre camp en Normandie de ce mois d&rsquo;ao\u00fbt 2017 \u00e0 Port-en-Bessin-Huppain. Au programme : des mus\u00e9es, des randonn\u00e9es, des paysages et des monuments superbes ainsi qu&rsquo;un brin de pluie ! Vous pouvez cliquer sur les\u00a0 images pour les agrandir.<\/p>\n","protected":false},"author":6,"featured_media":0,"comment_status":"closed","ping_status":"open","sticky":false,"template":"","format":"standard","meta":{"footnotes":""},"categories":[6,8],"tags":[],"class_list":["post-885","post","type-post","status-publish","format-standard","hentry","category-jeunes","category-stage"],"yoast_head":"<!-- This site is optimized with the Yoast SEO plugin v25.9 - https:\/\/yoast.com\/wordpress\/plugins\/seo\/ -->\n<title>Camp Normandie 2017 - Maison des Jeunes Les Gais Lurons Asbl<\/title>\n<meta name=\"description\" content=\"Photos du camp en Normandie organis\u00e9 par la Maison des Jeunes Les Gais Lurons ASBL en ao\u00fbt 2017.\" \/>\n<meta name=\"robots\" content=\"index, follow, max-snippet:-1, max-image-preview:large, max-video-preview:-1\" \/>\n<link rel=\"canonical\" href=\"https:\/\/www.mjlesgaislurons.be\/wordpress\/camp-normandie-2017\/\" \/>\n<meta property=\"og:locale\" content=\"fr_FR\" \/>\n<meta property=\"og:type\" content=\"article\" \/>\n<meta property=\"og:title\" content=\"Camp Normandie 2017 - Maison des Jeunes Les Gais Lurons Asbl\" \/>\n<meta property=\"og:description\" content=\"Photos du camp en Normandie organis\u00e9 par la Maison des Jeunes Les Gais Lurons ASBL en ao\u00fbt 2017.\" \/>\n<meta property=\"og:url\" content=\"https:\/\/www.mjlesgaislurons.be\/wordpress\/camp-normandie-2017\/\" \/>\n<meta property=\"og:site_name\" content=\"Maison des Jeunes Les Gais Lurons Asbl\" \/>\n<meta property=\"article:published_time\" content=\"2017-08-14T15:13:36+00:00\" \/>\n<meta property=\"article:modified_time\" content=\"2017-08-14T15:49:44+00:00\" \/>\n<meta property=\"og:image\" content=\"http:\/\/www.mjlesgaislurons.be\/wordpress\/wp-content\/uploads\/2017\/08\/IMG_0745-1024x768.jpg\" \/>\n<meta name=\"author\" content=\"Simon F\u00e9vrier\" \/>\n<meta name=\"twitter:card\" content=\"summary_large_image\" \/>\n<meta name=\"twitter:label1\" content=\"\u00c9crit par\" \/>\n\t<meta name=\"twitter:data1\" content=\"Simon F\u00e9vrier\" \/>\n\t<meta name=\"twitter:label2\" content=\"Dur\u00e9e de lecture estim\u00e9e\" \/>\n\t<meta name=\"twitter:data2\" content=\"3 minutes\" \/>\n<script type=\"application\/ld+json\" class=\"yoast-schema-graph\">{\"@context\":\"https:\/\/schema.org\",\"@graph\":[{\"@type\":\"WebPage\",\"@id\":\"https:\/\/www.mjlesgaislurons.be\/wordpress\/camp-normandie-2017\/\",\"url\":\"https:\/\/www.mjlesgaislurons.be\/wordpress\/camp-normandie-2017\/\",\"name\":\"Camp Normandie 2017 - Maison des Jeunes Les Gais Lurons Asbl\",\"isPartOf\":{\"@id\":\"https:\/\/www.mjlesgaislurons.be\/wordpress\/#website\"},\"primaryImageOfPage\":{\"@id\":\"https:\/\/www.mjlesgaislurons.be\/wordpress\/camp-normandie-2017\/#primaryimage\"},\"image\":{\"@id\":\"https:\/\/www.mjlesgaislurons.be\/wordpress\/camp-normandie-2017\/#primaryimage\"},\"thumbnailUrl\":\"http:\/\/www.mjlesgaislurons.be\/wordpress\/wp-content\/uploads\/2017\/08\/IMG_0745-1024x768.jpg\",\"datePublished\":\"2017-08-14T15:13:36+00:00\",\"dateModified\":\"2017-08-14T15:49:44+00:00\",\"author\":{\"@id\":\"https:\/\/www.mjlesgaislurons.be\/wordpress\/#\/schema\/person\/dcc20adc07f95d6c8539fa49c6ae1b36\"},\"description\":\"Photos du camp en Normandie organis\u00e9 par la Maison des Jeunes Les Gais Lurons ASBL en ao\u00fbt 2017.\",\"breadcrumb\":{\"@id\":\"https:\/\/www.mjlesgaislurons.be\/wordpress\/camp-normandie-2017\/#breadcrumb\"},\"inLanguage\":\"fr-FR\",\"potentialAction\":[{\"@type\":\"ReadAction\",\"target\":[\"https:\/\/www.mjlesgaislurons.be\/wordpress\/camp-normandie-2017\/\"]}]},{\"@type\":\"ImageObject\",\"inLanguage\":\"fr-FR\",\"@id\":\"https:\/\/www.mjlesgaislurons.be\/wordpress\/camp-normandie-2017\/#primaryimage\",\"url\":\"http:\/\/www.mjlesgaislurons.be\/wordpress\/wp-content\/uploads\/2017\/08\/IMG_0745-1024x768.jpg\",\"contentUrl\":\"http:\/\/www.mjlesgaislurons.be\/wordpress\/wp-content\/uploads\/2017\/08\/IMG_0745-1024x768.jpg\"},{\"@type\":\"BreadcrumbList\",\"@id\":\"https:\/\/www.mjlesgaislurons.be\/wordpress\/camp-normandie-2017\/#breadcrumb\",\"itemListElement\":[{\"@type\":\"ListItem\",\"position\":1,\"name\":\"Accueil\",\"item\":\"https:\/\/www.mjlesgaislurons.be\/wordpress\/\"},{\"@type\":\"ListItem\",\"position\":2,\"name\":\"STAGE\",\"item\":\"https:\/\/www.mjlesgaislurons.be\/wordpress\/category\/stage\/\"},{\"@type\":\"ListItem\",\"position\":3,\"name\":\"Camp Normandie 2017\"}]},{\"@type\":\"WebSite\",\"@id\":\"https:\/\/www.mjlesgaislurons.be\/wordpress\/#website\",\"url\":\"https:\/\/www.mjlesgaislurons.be\/wordpress\/\",\"name\":\"Maison des Jeunes Les Gais Lurons Asbl\",\"description\":\"Nous sommes la pour vous!\",\"potentialAction\":[{\"@type\":\"SearchAction\",\"target\":{\"@type\":\"EntryPoint\",\"urlTemplate\":\"https:\/\/www.mjlesgaislurons.be\/wordpress\/?s={search_term_string}\"},\"query-input\":{\"@type\":\"PropertyValueSpecification\",\"valueRequired\":true,\"valueName\":\"search_term_string\"}}],\"inLanguage\":\"fr-FR\"},{\"@type\":\"Person\",\"@id\":\"https:\/\/www.mjlesgaislurons.be\/wordpress\/#\/schema\/person\/dcc20adc07f95d6c8539fa49c6ae1b36\",\"name\":\"Simon F\u00e9vrier\",\"image\":{\"@type\":\"ImageObject\",\"inLanguage\":\"fr-FR\",\"@id\":\"https:\/\/www.mjlesgaislurons.be\/wordpress\/#\/schema\/person\/image\/\",\"url\":\"https:\/\/secure.gravatar.com\/avatar\/825e278aae307fe223279ec981a5e445d4f9d620982daa842bf3a0d051711277?s=96&d=mm&r=g\",\"contentUrl\":\"https:\/\/secure.gravatar.com\/avatar\/825e278aae307fe223279ec981a5e445d4f9d620982daa842bf3a0d051711277?s=96&d=mm&r=g\",\"caption\":\"Simon F\u00e9vrier\"},\"url\":\"https:\/\/www.mjlesgaislurons.be\/wordpress\/author\/simon\/\"}]}<\/script>\n<!-- \/ Yoast SEO plugin. -->","yoast_head_json":{"title":"Camp Normandie 2017 - Maison des Jeunes Les Gais Lurons Asbl","description":"Photos du camp en Normandie organis\u00e9 par la Maison des Jeunes Les Gais Lurons ASBL en ao\u00fbt 2017.","robots":{"index":"index","follow":"follow","max-snippet":"max-snippet:-1","max-image-preview":"max-image-preview:large","max-video-preview":"max-video-preview:-1"},"canonical":"https:\/\/www.mjlesgaislurons.be\/wordpress\/camp-normandie-2017\/","og_locale":"fr_FR","og_type":"article","og_title":"Camp Normandie 2017 - Maison des Jeunes Les Gais Lurons Asbl","og_description":"Photos du camp en Normandie organis\u00e9 par la Maison des Jeunes Les Gais Lurons ASBL en ao\u00fbt 2017.","og_url":"https:\/\/www.mjlesgaislurons.be\/wordpress\/camp-normandie-2017\/","og_site_name":"Maison des Jeunes Les Gais Lurons Asbl","article_published_time":"2017-08-14T15:13:36+00:00","article_modified_time":"2017-08-14T15:49:44+00:00","og_image":[{"url":"http:\/\/www.mjlesgaislurons.be\/wordpress\/wp-content\/uploads\/2017\/08\/IMG_0745-1024x768.jpg","type":"","width":"","height":""}],"author":"Simon F\u00e9vrier","twitter_card":"summary_large_image","twitter_misc":{"\u00c9crit par":"Simon F\u00e9vrier","Dur\u00e9e de lecture estim\u00e9e":"3 minutes"},"schema":{"@context":"https:\/\/schema.org","@graph":[{"@type":"WebPage","@id":"https:\/\/www.mjlesgaislurons.be\/wordpress\/camp-normandie-2017\/","url":"https:\/\/www.mjlesgaislurons.be\/wordpress\/camp-normandie-2017\/","name":"Camp Normandie 2017 - Maison des Jeunes Les Gais Lurons Asbl","isPartOf":{"@id":"https:\/\/www.mjlesgaislurons.be\/wordpress\/#website"},"primaryImageOfPage":{"@id":"https:\/\/www.mjlesgaislurons.be\/wordpress\/camp-normandie-2017\/#primaryimage"},"image":{"@id":"https:\/\/www.mjlesgaislurons.be\/wordpress\/camp-normandie-2017\/#primaryimage"},"thumbnailUrl":"http:\/\/www.mjlesgaislurons.be\/wordpress\/wp-content\/uploads\/2017\/08\/IMG_0745-1024x768.jpg","datePublished":"2017-08-14T15:13:36+00:00","dateModified":"2017-08-14T15:49:44+00:00","author":{"@id":"https:\/\/www.mjlesgaislurons.be\/wordpress\/#\/schema\/person\/dcc20adc07f95d6c8539fa49c6ae1b36"},"description":"Photos du camp en Normandie organis\u00e9 par la Maison des Jeunes Les Gais Lurons ASBL en ao\u00fbt 2017.","breadcrumb":{"@id":"https:\/\/www.mjlesgaislurons.be\/wordpress\/camp-normandie-2017\/#breadcrumb"},"inLanguage":"fr-FR","potentialAction":[{"@type":"ReadAction","target":["https:\/\/www.mjlesgaislurons.be\/wordpress\/camp-normandie-2017\/"]}]},{"@type":"ImageObject","inLanguage":"fr-FR","@id":"https:\/\/www.mjlesgaislurons.be\/wordpress\/camp-normandie-2017\/#primaryimage","url":"http:\/\/www.mjlesgaislurons.be\/wordpress\/wp-content\/uploads\/2017\/08\/IMG_0745-1024x768.jpg","contentUrl":"http:\/\/www.mjlesgaislurons.be\/wordpress\/wp-content\/uploads\/2017\/08\/IMG_0745-1024x768.jpg"},{"@type":"BreadcrumbList","@id":"https:\/\/www.mjlesgaislurons.be\/wordpress\/camp-normandie-2017\/#breadcrumb","itemListElement":[{"@type":"ListItem","position":1,"name":"Accueil","item":"https:\/\/www.mjlesgaislurons.be\/wordpress\/"},{"@type":"ListItem","position":2,"name":"STAGE","item":"https:\/\/www.mjlesgaislurons.be\/wordpress\/category\/stage\/"},{"@type":"ListItem","position":3,"name":"Camp Normandie 2017"}]},{"@type":"WebSite","@id":"https:\/\/www.mjlesgaislurons.be\/wordpress\/#website","url":"https:\/\/www.mjlesgaislurons.be\/wordpress\/","name":"Maison des Jeunes Les Gais Lurons Asbl","description":"Nous sommes la pour vous!","potentialAction":[{"@type":"SearchAction","target":{"@type":"EntryPoint","urlTemplate":"https:\/\/www.mjlesgaislurons.be\/wordpress\/?s={search_term_string}"},"query-input":{"@type":"PropertyValueSpecification","valueRequired":true,"valueName":"search_term_string"}}],"inLanguage":"fr-FR"},{"@type":"Person","@id":"https:\/\/www.mjlesgaislurons.be\/wordpress\/#\/schema\/person\/dcc20adc07f95d6c8539fa49c6ae1b36","name":"Simon F\u00e9vrier","image":{"@type":"ImageObject","inLanguage":"fr-FR","@id":"https:\/\/www.mjlesgaislurons.be\/wordpress\/#\/schema\/person\/image\/","url":"https:\/\/secure.gravatar.com\/avatar\/825e278aae307fe223279ec981a5e445d4f9d620982daa842bf3a0d051711277?s=96&d=mm&r=g","contentUrl":"https:\/\/secure.gravatar.com\/avatar\/825e278aae307fe223279ec981a5e445d4f9d620982daa842bf3a0d051711277?s=96&d=mm&r=g","caption":"Simon F\u00e9vrier"},"url":"https:\/\/www.mjlesgaislurons.be\/wordpress\/author\/simon\/"}]}},"_links":{"self":[{"href":"https:\/\/www.mjlesgaislurons.be\/wordpress\/wp-json\/wp\/v2\/posts\/885","targetHints":{"allow":["GET"]}}],"collection":[{"href":"https:\/\/www.mjlesgaislurons.be\/wordpress\/wp-json\/wp\/v2\/posts"}],"about":[{"href":"https:\/\/www.mjlesgaislurons.be\/wordpress\/wp-json\/wp\/v2\/types\/post"}],"author":[{"embeddable":true,"href":"https:\/\/www.mjlesgaislurons.be\/wordpress\/wp-json\/wp\/v2\/users\/6"}],"replies":[{"embeddable":true,"href":"https:\/\/www.mjlesgaislurons.be\/wordpress\/wp-json\/wp\/v2\/comments?post=885"}],"version-history":[{"count":6,"href":"https:\/\/www.mjlesgaislurons.be\/wordpress\/wp-json\/wp\/v2\/posts\/885\/revisions"}],"predecessor-version":[{"id":939,"href":"https:\/\/www.mjlesgaislurons.be\/wordpress\/wp-json\/wp\/v2\/posts\/885\/revisions\/939"}],"wp:attachment":[{"href":"https:\/\/www.mjlesgaislurons.be\/wordpress\/wp-json\/wp\/v2\/media?parent=885"}],"wp:term":[{"taxonomy":"category","embeddable":true,"href":"https:\/\/www.mjlesgaislurons.be\/wordpress\/wp-json\/wp\/v2\/categories?post=885"},{"taxonomy":"post_tag","embeddable":true,"href":"https:\/\/www.mjlesgaislurons.be\/wordpress\/wp-json\/wp\/v2\/tags?post=885"}],"curies":[{"name":"wp","href":"https:\/\/api.w.org\/{rel}","templated":true}]}}